{"id":1220,"global_id":"racinescollectives.ch?id=1220","global_id_lineage":["racinescollectives.ch?id=1220"],"author":"3","status":"publish","date":"2026-04-19 22:19:40","date_utc":"2026-04-19 20:19:40","modified":"2026-04-19 22:22:30","modified_utc":"2026-04-19 20:22:30","url":"http:\/\/racinescollectives.ch\/?tribe_events=seance-pleniere-davril","rest_url":"http:\/\/racinescollectives.ch\/index.php?rest_route=\/tribe\/events\/v1\/events\/1220","title":"S\u00e9ance pl\u00e9ni\u00e8re d&rsquo;avril","description":"<p>Le 21 avril \u00e0 18h00 au jardin<\/p>","excerpt":"<div class=\"mh-excerpt\"><\/div>","slug":"seance-pleniere-davril","image":false,"all_day":false,"start_date":"2026-04-21 18:00:00","start_date_details":{"year":"2026","month":"04","day":"21","hour":"18","minutes":"00","seconds":"00"},"end_date":"2026-04-21 19:30:00","end_date_details":{"year":"2026","month":"04","day":"21","hour":"19","minutes":"30","seconds":"00"},"utc_start_date":"2026-04-21 16:00:00","utc_start_date_details":{"year":"2026","month":"04","day":"21","hour":"16","minutes":"00","seconds":"00"},"utc_end_date":"2026-04-21 17:30:00","utc_end_date_details":{"year":"2026","month":"04","day":"21","hour":"17","minutes":"30","seconds":"00"},"timezone":"Europe\/Paris","timezone_abbr":"CEST","cost":"","cost_details":{"currency_symbol":"","currency_position":"prefix","values":[]},"website":"","show_map":false,"show_map_link":false,"hide_from_listings":false,"sticky":false,"featured":false,"categories":[{"name":"Agenda","slug":"agenda","term_group":0,"term_taxonomy_id":17,"taxonomy":"tribe_events_cat","description":"","parent":0,"count":63,"filter":"raw","id":17,"urls":{"self":"http:\/\/racinescollectives.ch\/index.php?rest_route=\/tribe\/events\/v1\/categories\/17","collection":"http:\/\/racinescollectives.ch\/index.php?rest_route=\/tribe\/events\/v1\/categories"}}],"tags":[],"venue":[],"organizer":[],"json_ld":{"@context":"http:\/\/schema.org","@type":"Event","name":"S\u00e9ance pl\u00e9ni\u00e8re d&rsquo;avril","description":"&lt;p&gt;Le 21 avril \u00e0 18h00 au jardin&lt;\/p&gt;\\n","url":"http:\/\/racinescollectives.ch\/?tribe_events=seance-pleniere-davril","startDate":"2026-04-21T18:00:00+02:00","endDate":"2026-04-21T19:30:00+02:00","performer":"Organization"}}