{"id":1222,"global_id":"racinescollectives.ch?id=1222","global_id_lineage":["racinescollectives.ch?id=1222"],"author":"3","status":"publish","date":"2026-04-19 22:20:34","date_utc":"2026-04-19 20:20:34","modified":"2026-04-19 22:23:20","modified_utc":"2026-04-19 20:23:20","url":"http:\/\/racinescollectives.ch\/?tribe_events=assemblee-generale-2026","rest_url":"http:\/\/racinescollectives.ch\/index.php?rest_route=\/tribe\/events\/v1\/events\/1222","title":"Assembl\u00e9e g\u00e9n\u00e9rale 2026","description":"<p>Le 20 mai \u00e0 19h30 au jardin<\/p>","excerpt":"<div class=\"mh-excerpt\"><\/div>","slug":"assemblee-generale-2026","image":false,"all_day":false,"start_date":"2026-05-20 19:30:00","start_date_details":{"year":"2026","month":"05","day":"20","hour":"19","minutes":"30","seconds":"00"},"end_date":"2026-05-20 20:30:00","end_date_details":{"year":"2026","month":"05","day":"20","hour":"20","minutes":"30","seconds":"00"},"utc_start_date":"2026-05-20 17:30:00","utc_start_date_details":{"year":"2026","month":"05","day":"20","hour":"17","minutes":"30","seconds":"00"},"utc_end_date":"2026-05-20 18:30:00","utc_end_date_details":{"year":"2026","month":"05","day":"20","hour":"18","minutes":"30","seconds":"00"},"timezone":"Europe\/Paris","timezone_abbr":"CEST","cost":"","cost_details":{"currency_symbol":"","currency_position":"prefix","values":[]},"website":"","show_map":false,"show_map_link":false,"hide_from_listings":false,"sticky":true,"featured":true,"categories":[{"name":"Agenda","slug":"agenda","term_group":0,"term_taxonomy_id":17,"taxonomy":"tribe_events_cat","description":"","parent":0,"count":63,"filter":"raw","id":17,"urls":{"self":"http:\/\/racinescollectives.ch\/index.php?rest_route=\/tribe\/events\/v1\/categories\/17","collection":"http:\/\/racinescollectives.ch\/index.php?rest_route=\/tribe\/events\/v1\/categories"}}],"tags":[],"venue":[],"organizer":[],"json_ld":{"@context":"http:\/\/schema.org","@type":"Event","name":"Assembl\u00e9e g\u00e9n\u00e9rale 2026","description":"&lt;p&gt;Le 20 mai \u00e0 19h30 au jardin&lt;\/p&gt;\\n","url":"http:\/\/racinescollectives.ch\/?tribe_events=assemblee-generale-2026","startDate":"2026-05-20T19:30:00+02:00","endDate":"2026-05-20T20:30:00+02:00","performer":"Organization"}}