{"id":952,"global_id":"racinescollectives.ch?id=952","global_id_lineage":["racinescollectives.ch?id=952"],"author":"3","status":"publish","date":"2022-02-23 23:18:39","date_utc":"2022-02-23 22:18:39","modified":"2022-04-30 22:20:20","modified_utc":"2022-04-30 20:20:20","url":"http:\/\/racinescollectives.ch\/?tribe_events=journee-de-la-citoyennete-21-mai-2022","rest_url":"http:\/\/racinescollectives.ch\/index.php?rest_route=\/tribe\/events\/v1\/events\/952","title":"Journ\u00e9e de la citoyennet\u00e9 : 21 mai 2022","description":"<p>Nous y serons!<\/p>\n<p>Nous proposerons des semis dont il faut prendre soin et que l&rsquo;on peut ensuite apporter au jardin collectif \ud83d\ude42<\/p>\n<p>Ce sera pour l&rsquo;ann\u00e9e prochaine&#8230; la journ\u00e9e ayant \u00e9t\u00e9 annul\u00e9e !<\/p>","excerpt":"<div class=\"mh-excerpt\"><\/div>","slug":"journee-de-la-citoyennete-21-mai-2022","image":false,"all_day":true,"start_date":"2022-05-21 00:00:00","start_date_details":{"year":"2022","month":"05","day":"21","hour":"00","minutes":"00","seconds":"00"},"end_date":"2022-05-21 23:59:59","end_date_details":{"year":"2022","month":"05","day":"21","hour":"23","minutes":"59","seconds":"59"},"utc_start_date":"2022-05-20 22:00:00","utc_start_date_details":{"year":"2022","month":"05","day":"20","hour":"22","minutes":"00","seconds":"00"},"utc_end_date":"2022-05-21 21:59:59","utc_end_date_details":{"year":"2022","month":"05","day":"21","hour":"21","minutes":"59","seconds":"59"},"timezone":"Europe\/Paris","timezone_abbr":"CEST","cost":"","cost_details":{"currency_symbol":"","currency_position":"prefix","values":[]},"website":"","show_map":true,"show_map_link":true,"hide_from_listings":false,"sticky":false,"featured":false,"categories":[{"name":"Agenda","slug":"agenda","term_group":0,"term_taxonomy_id":17,"taxonomy":"tribe_events_cat","description":"","parent":0,"count":63,"filter":"raw","id":17,"urls":{"self":"http:\/\/racinescollectives.ch\/index.php?rest_route=\/tribe\/events\/v1\/categories\/17","collection":"http:\/\/racinescollectives.ch\/index.php?rest_route=\/tribe\/events\/v1\/categories"}}],"tags":[],"venue":[],"organizer":[],"json_ld":{"@context":"http:\/\/schema.org","@type":"Event","name":"Journ\u00e9e de la citoyennet\u00e9 : 21 mai 2022","description":"&lt;p&gt;Nous y serons! Nous proposerons des semis dont il faut prendre soin et que l\\'on peut ensuite apporter au jardin collectif :-) Ce sera pour &lt;a class=&quot;mh-excerpt-more&quot; href=&quot;http:\/\/racinescollectives.ch\/?tribe_events=journee-de-la-citoyennete-21-mai-2022&quot; title=&quot;Journ\u00e9e de la citoyennet\u00e9 : 21 mai 2022&quot;&gt;[...]&lt;\/a&gt;&lt;\/p&gt;\\n","url":"http:\/\/racinescollectives.ch\/?tribe_events=journee-de-la-citoyennete-21-mai-2022","startDate":"2022-05-21T00:00:00+02:00","endDate":"2022-05-21T23:59:59+02:00","performer":"Organization"}}