{"id":989,"global_id":"racinescollectives.ch?id=989","global_id_lineage":["racinescollectives.ch?id=989"],"author":"3","status":"publish","date":"2022-04-30 22:36:40","date_utc":"2022-04-30 20:36:40","modified":"2022-04-30 22:36:40","modified_utc":"2022-04-30 20:36:40","url":"http:\/\/racinescollectives.ch\/?tribe_events=assemblee-generale-2022","rest_url":"http:\/\/racinescollectives.ch\/index.php?rest_route=\/tribe\/events\/v1\/events\/989","title":"Assembl\u00e9e g\u00e9n\u00e9rale 2022","description":"<p>Elle aura lieu le <strong>mercredi 11 mai \u00e0 19h<\/strong>, soit au jardin s&rsquo;il fait assez beau, soit au chaud et au sec \u00e0 la boulangerie Bidlingmeyer.<\/p>\n<p>Une convocation avec l&rsquo;ordre du jour sera envoy\u00e9e d\u00e9but mai \u00e0 tous les membres via Whatsappe et Signal.<\/p>\n<p>Venez nombreuses et nombreux, ancien.nes ou nouveaux-nouvelles, pour partager sur notre collectif et pr\u00e9voir la suite, notamment pour les F\u00eates de Blonay !<\/p>\n<p>Ap\u00e9ritif canadien \u00e0 l&rsquo;issue de la s\u00e9ance \ud83d\ude42<\/p>","excerpt":"<div class=\"mh-excerpt\"><\/div>","slug":"assemblee-generale-2022","image":false,"all_day":false,"start_date":"2022-05-11 19:00:00","start_date_details":{"year":"2022","month":"05","day":"11","hour":"19","minutes":"00","seconds":"00"},"end_date":"2022-05-11 21:00:00","end_date_details":{"year":"2022","month":"05","day":"11","hour":"21","minutes":"00","seconds":"00"},"utc_start_date":"2022-05-11 17:00:00","utc_start_date_details":{"year":"2022","month":"05","day":"11","hour":"17","minutes":"00","seconds":"00"},"utc_end_date":"2022-05-11 19:00:00","utc_end_date_details":{"year":"2022","month":"05","day":"11","hour":"19","minutes":"00","seconds":"00"},"timezone":"Europe\/Paris","timezone_abbr":"CEST","cost":"","cost_details":{"currency_symbol":"","currency_position":"prefix","values":[]},"website":"","show_map":true,"show_map_link":true,"hide_from_listings":false,"sticky":false,"featured":false,"categories":[{"name":"Agenda","slug":"agenda","term_group":0,"term_taxonomy_id":17,"taxonomy":"tribe_events_cat","description":"","parent":0,"count":63,"filter":"raw","id":17,"urls":{"self":"http:\/\/racinescollectives.ch\/index.php?rest_route=\/tribe\/events\/v1\/categories\/17","collection":"http:\/\/racinescollectives.ch\/index.php?rest_route=\/tribe\/events\/v1\/categories"}}],"tags":[],"venue":[],"organizer":[],"json_ld":{"@context":"http:\/\/schema.org","@type":"Event","name":"Assembl\u00e9e g\u00e9n\u00e9rale 2022","description":"&lt;p&gt;Elle aura lieu le mercredi 11 mai \u00e0 19h, soit au jardin s\\'il fait assez beau, soit au chaud et au sec \u00e0 la boulangerie &lt;a class=&quot;mh-excerpt-more&quot; href=&quot;http:\/\/racinescollectives.ch\/?tribe_events=assemblee-generale-2022&quot; title=&quot;Assembl\u00e9e g\u00e9n\u00e9rale 2022&quot;&gt;[...]&lt;\/a&gt;&lt;\/p&gt;\\n","url":"http:\/\/racinescollectives.ch\/?tribe_events=assemblee-generale-2022","startDate":"2022-05-11T19:00:00+02:00","endDate":"2022-05-11T21:00:00+02:00","performer":"Organization"}}